{"id":420,"date":"2021-09-01T11:55:43","date_gmt":"2021-09-01T15:55:43","guid":{"rendered":"https:\/\/www.fundacionislamica.org\/?p=420"},"modified":"2024-09-30T00:27:34","modified_gmt":"2024-09-30T03:27:34","slug":"taller-de-idioma-arabe","status":"publish","type":"post","link":"https:\/\/www.fundacionislamica.org\/?p=420","title":{"rendered":"Taller de idioma \u00e1rabe"},"content":{"rendered":"<div class=\"boldgrid-section\">\n<div class=\"container\">\n<div class=\"row\">\n<div class=\"col-md-12 col-xs-12 col-sm-12\">\n<p class=\"\">Durante este mes y parte del otro, estaremos dictando un taller de idioma \u00e1rabe en la Biblioteca Municipal de Quilicura, inscripci\u00f3n en informaci\u00f3n en la imagen.&nbsp;<\/p>\n<p><img fetchpriority=\"high\" decoding=\"async\" class=\"alignnone size-medium wp-image-421\" src=\"https:\/\/www.fundacionislamica.org\/wp-content\/uploads\/2021\/11\/IMG-20210826-WA0002-194x300.jpg\" alt=\"\" width=\"194\" height=\"300\" srcset=\"https:\/\/www.fundacionislamica.org\/wp-content\/uploads\/2021\/11\/IMG-20210826-WA0002-194x300.jpg 194w, https:\/\/www.fundacionislamica.org\/wp-content\/uploads\/2021\/11\/IMG-20210826-WA0002-663x1024.jpg 663w, https:\/\/www.fundacionislamica.org\/wp-content\/uploads\/2021\/11\/IMG-20210826-WA0002-768x1187.jpg 768w, https:\/\/www.fundacionislamica.org\/wp-content\/uploads\/2021\/11\/IMG-20210826-WA0002-250x386.jpg 250w, https:\/\/www.fundacionislamica.org\/wp-content\/uploads\/2021\/11\/IMG-20210826-WA0002-550x850.jpg 550w, https:\/\/www.fundacionislamica.org\/wp-content\/uploads\/2021\/11\/IMG-20210826-WA0002-800x1236.jpg 800w, https:\/\/www.fundacionislamica.org\/wp-content\/uploads\/2021\/11\/IMG-20210826-WA0002-116x180.jpg 116w, https:\/\/www.fundacionislamica.org\/wp-content\/uploads\/2021\/11\/IMG-20210826-WA0002-324x500.jpg 324w, https:\/\/www.fundacionislamica.org\/wp-content\/uploads\/2021\/11\/IMG-20210826-WA0002.jpg 825w\" sizes=\"(max-width: 194px) 100vw, 194px\" \/><\/p>\n<\/div>\n<\/div>\n<\/div>\n<\/div>\n","protected":false},"excerpt":{"rendered":"<p>Durante este mes y parte del otro, estaremos dictando un taller de idioma \u00e1rabe en la Biblioteca Municipal de Quilicura, inscripci\u00f3n en informaci\u00f3n en la imagen.&nbsp;<\/p>\n","protected":false},"author":1,"featured_media":421,"comment_status":"closed","ping_status":"closed","sticky":false,"template":"","format":"standard","meta":{"footnotes":""},"categories":[11],"tags":[],"class_list":["post-420","post","type-post","status-publish","format-standard","has-post-thumbnail","hentry","category-articulos"],"blocksy_meta":[],"_links":{"self":[{"href":"https:\/\/www.fundacionislamica.org\/index.php?rest_route=\/wp\/v2\/posts\/420","targetHints":{"allow":["GET"]}}],"collection":[{"href":"https:\/\/www.fundacionislamica.org\/index.php?rest_route=\/wp\/v2\/posts"}],"about":[{"href":"https:\/\/www.fundacionislamica.org\/index.php?rest_route=\/wp\/v2\/types\/post"}],"author":[{"embeddable":true,"href":"https:\/\/www.fundacionislamica.org\/index.php?rest_route=\/wp\/v2\/users\/1"}],"replies":[{"embeddable":true,"href":"https:\/\/www.fundacionislamica.org\/index.php?rest_route=%2Fwp%2Fv2%2Fcomments&post=420"}],"version-history":[{"count":1,"href":"https:\/\/www.fundacionislamica.org\/index.php?rest_route=\/wp\/v2\/posts\/420\/revisions"}],"predecessor-version":[{"id":422,"href":"https:\/\/www.fundacionislamica.org\/index.php?rest_route=\/wp\/v2\/posts\/420\/revisions\/422"}],"wp:featuredmedia":[{"embeddable":true,"href":"https:\/\/www.fundacionislamica.org\/index.php?rest_route=\/wp\/v2\/media\/421"}],"wp:attachment":[{"href":"https:\/\/www.fundacionislamica.org\/index.php?rest_route=%2Fwp%2Fv2%2Fmedia&parent=420"}],"wp:term":[{"taxonomy":"category","embeddable":true,"href":"https:\/\/www.fundacionislamica.org\/index.php?rest_route=%2Fwp%2Fv2%2Fcategories&post=420"},{"taxonomy":"post_tag","embeddable":true,"href":"https:\/\/www.fundacionislamica.org\/index.php?rest_route=%2Fwp%2Fv2%2Ftags&post=420"}],"curies":[{"name":"wp","href":"https:\/\/api.w.org\/{rel}","templated":true}]}}