{"id":414,"date":"2021-07-11T21:34:53","date_gmt":"2021-07-12T01:34:53","guid":{"rendered":"https:\/\/www.fundacionislamica.org\/?p=414"},"modified":"2024-09-30T00:27:34","modified_gmt":"2024-09-30T03:27:34","slug":"arabes-y-musulmanes-conoces-la-diferencia","status":"publish","type":"post","link":"https:\/\/www.fundacionislamica.org\/?p=414","title":{"rendered":"\u00c1rabes y musulmanes, \u00bfconoces la diferencia?"},"content":{"rendered":"<div class=\"boldgrid-section\">\n<div class=\"container\">\n<div class=\"row\">\n<div class=\"col-md-12 col-xs-12 col-sm-12\">\n<p>Debido a la innegable influencia \u00e1rabe en el islam, y a la influencia de la cultura isl\u00e1mica en las costumbres \u00e1rabes, es com\u00fan que ambos t\u00e9rminos sean confundidos por una gran cantidad de personas, pero es importante conocer la diferencia.<\/p>\n<p>Com\u00fanmente, las personas creen que Turqu\u00eda, Afganist\u00e1n e Ir\u00e1n, entre otros, son \u201cpa\u00edses \u00e1rabes\u201d, pero en realidad no lo son, y esa confusi\u00f3n se debe a que son pa\u00edses musulmanes. Tambi\u00e9n el caso del L\u00edbano, que aunque sea un pa\u00eds \u00e1rabe, casi la mitad de la poblaci\u00f3n es cristiana.<\/p>\n<p>Un musulm\u00e1n o musulmana es una persona que practica la religi\u00f3n isl\u00e1mica. Esta religi\u00f3n naci\u00f3 alrededor de los siglos VI y VII d. C, en la actual Arabia Saudita.<\/p>\n<p>Aunque su origen es \u00e1rabe, el islam se ha expandido ampliamente por el resto del mundo. Incluso, hay pa\u00edses en el continente europeo que son de mayor\u00eda musulmana, como Albania y, Bosnia y Herzegovina, o el caso de Turqu\u00eda que est\u00e1 parcialmente en el continente europeo y el de Azerbaiy\u00e1n y Kazajist\u00e1n que son considerados pa\u00edses de Europa por algunos ge\u00f3grafos. Tambi\u00e9n hay pa\u00edses de mayor\u00eda musulmana en la \u00c1frica subsahariana como Mali o Somalia, y algunos en el Sudeste Asi\u00e1tico como Indonesia o Malasia.<\/p>\n<p>Una persona \u00e1rabe es alguien que sea de esta etnia, o b\u00e1sicamente cualquier persona que haya nacido en un pa\u00eds cuyo idioma principal sea el \u00e1rabe, ya sea que lo tenga de lengua materna o por herencia familiar.<\/p>\n<p>Los \u00e1rabes vienen de la zona geogr\u00e1fica conocida como Arabia, donde se encuentran actualmente los pa\u00edses: Arabia Saudita, Bahrein, Emiratos \u00c1rabes Unidos, Kuwait, Om\u00e1n, Qatar y Yemen.<\/p>\n<p>Los pa\u00edses del Levante mediterr\u00e1neo tambi\u00e9n son considerados \u00e1rabes, son las naciones que m\u00e1s suelen aparecer en los medios y son los que m\u00e1s se asocian con el t\u00e9rmino \u00e1rabe. Tambi\u00e9n pa\u00edses de \u00c1frica como Marruecos o T\u00fanez, entre otros, tienen el \u00e1rabe como lengua oficial.<\/p>\n<p>De igual manera, existe el caso de Sud\u00e1n o Somalia, que aunque sean pa\u00edses de \u00c1frica subsahariana, pertenecen a la Liga \u00c1rabe debido a que el idioma es una de las lenguas oficiales en su territorio.<\/p>\n<p>No obstante, algunos pueden diferir con el t\u00e9rmino \u00ab\u00e1rabe\u00bb: en el Levante ocurre porque, aunque hablen \u00e1rabe, estas personas tienen ascendencia griega, kurda e incluso jud\u00eda. En el caso de algunos de los pa\u00edses del norte de \u00c1frica, su gen\u00e9tica est\u00e1 conformada mayoritariamente por los bereberes (grupo de etnias nativas de la zona) y usualmente a sus naciones se les conoce como los pa\u00edses del Magreb. Sin embargo, a pesar de todas estas subdivisiones, todos son considerados pa\u00edses \u00e1rabes.<\/p>\n<p>La diferencia primordial es que los \u00e1rabes son una etnia o raza, y aunque en su mayor\u00eda son seguidores de la religi\u00f3n isl\u00e1mica, tambi\u00e9n existe una gran cantidad de \u00e1rabes que profesan el cristianismo u otras religiones.<\/p>\n<p class=\"\">La gran mayor\u00eda de los \u00e1rabes profesa el islam, y es innegable la influencia \u00e1rabe en todo lo relacionado a la religi\u00f3n isl\u00e1mica, sin embargo, \u00e1rabe y musulm\u00e1n no son necesariamente sin\u00f3nimos y es importante conocer la diferencia, as\u00ed que, recordemos que no todo \u00e1rabe es musulm\u00e1n y no todo musulm\u00e1n es \u00e1rabe.<\/p>\n<p class=\"\"><strong>Fuente:<\/strong> Culturizando.com<\/p>\n<\/div>\n<\/div>\n<\/div>\n<\/div>\n","protected":false},"excerpt":{"rendered":"<p>Debido a la innegable influencia \u00e1rabe en el islam, y a la influencia de la cultura isl\u00e1mica en las costumbres \u00e1rabes, es com\u00fan que ambos t\u00e9rminos sean confundidos por una gran cantidad de personas, pero es importante conocer la diferencia. Com\u00fanmente, las personas creen que Turqu\u00eda, Afganist\u00e1n e Ir\u00e1n, entre otros, son \u201cpa\u00edses \u00e1rabes\u201d, pero [&hellip;]<\/p>\n","protected":false},"author":1,"featured_media":415,"comment_status":"closed","ping_status":"closed","sticky":false,"template":"","format":"standard","meta":{"footnotes":""},"categories":[11],"tags":[],"class_list":["post-414","post","type-post","status-publish","format-standard","has-post-thumbnail","hentry","category-articulos"],"blocksy_meta":[],"_links":{"self":[{"href":"https:\/\/www.fundacionislamica.org\/index.php?rest_route=\/wp\/v2\/posts\/414","targetHints":{"allow":["GET"]}}],"collection":[{"href":"https:\/\/www.fundacionislamica.org\/index.php?rest_route=\/wp\/v2\/posts"}],"about":[{"href":"https:\/\/www.fundacionislamica.org\/index.php?rest_route=\/wp\/v2\/types\/post"}],"author":[{"embeddable":true,"href":"https:\/\/www.fundacionislamica.org\/index.php?rest_route=\/wp\/v2\/users\/1"}],"replies":[{"embeddable":true,"href":"https:\/\/www.fundacionislamica.org\/index.php?rest_route=%2Fwp%2Fv2%2Fcomments&post=414"}],"version-history":[{"count":1,"href":"https:\/\/www.fundacionislamica.org\/index.php?rest_route=\/wp\/v2\/posts\/414\/revisions"}],"predecessor-version":[{"id":416,"href":"https:\/\/www.fundacionislamica.org\/index.php?rest_route=\/wp\/v2\/posts\/414\/revisions\/416"}],"wp:featuredmedia":[{"embeddable":true,"href":"https:\/\/www.fundacionislamica.org\/index.php?rest_route=\/wp\/v2\/media\/415"}],"wp:attachment":[{"href":"https:\/\/www.fundacionislamica.org\/index.php?rest_route=%2Fwp%2Fv2%2Fmedia&parent=414"}],"wp:term":[{"taxonomy":"category","embeddable":true,"href":"https:\/\/www.fundacionislamica.org\/index.php?rest_route=%2Fwp%2Fv2%2Fcategories&post=414"},{"taxonomy":"post_tag","embeddable":true,"href":"https:\/\/www.fundacionislamica.org\/index.php?rest_route=%2Fwp%2Fv2%2Ftags&post=414"}],"curies":[{"name":"wp","href":"https:\/\/api.w.org\/{rel}","templated":true}]}}