{"id":397,"date":"2021-04-21T22:01:07","date_gmt":"2021-04-22T02:01:07","guid":{"rendered":"https:\/\/www.fundacionislamica.org\/?p=397"},"modified":"2024-09-30T00:27:34","modified_gmt":"2024-09-30T03:27:34","slug":"carta-de-malcolm-x-desde-la-meca","status":"publish","type":"post","link":"https:\/\/www.fundacionislamica.org\/?p=397","title":{"rendered":"Carta de Malcolm X desde La Meca"},"content":{"rendered":"<div class=\"boldgrid-section\">\n<div class=\"container\">\n<div class=\"row\">\n<div class=\"col-md-12 col-xs-12 col-sm-12\">\n<p>Malcolm X o Al-Hayy Malik Ash-Shabazz, vio la luz del verdadero Islam a trav\u00e9s de su peregrinaci\u00f3n en abril del a\u00f1o 1964. Como miembro, hasta entonces, y portavoz de la organizaci\u00f3n \u201cLa Naci\u00f3n del Islam\u201d, movimiento religioso socio-pol\u00edtico nacionalista con tendencias racistas. Malcolm cre\u00eda firmemente que el hombre blanco era diab\u00f3lico y el hombre negro deb\u00eda ser su enemigo.<\/p>\n<p>Despu\u00e9s de dejar \u201cLa Naci\u00f3n del Islam\u201d, en marzo de 1964, cambi\u00f3 su perspectiva completamente respecto a los hombres blancos, y abandon\u00f3 su postura de rechazo a los mismos. La peregrinaci\u00f3n fue un factor primordial para lograr esta evoluci\u00f3n.<\/p>\n<p>Esta es una cita de una carta que Al-Hayy Malik Ash-Shabazz escribi\u00f3 a sus ayudantes y seguidores en Harlem, de coraz\u00f3n, cont\u00e1ndoles su experiencia. En \u00e9sta, explica lo que experiment\u00f3 durante el Hayy y lo que produjo tan profundo cambio en su perspectiva sobre la raza y el racismo. Debemos tener presente que esta carta se escribi\u00f3 en un tiempo donde la historia de los afroamericanos en Estados Unidos estaba a\u00fan forj\u00e1ndose.<\/p>\n<p>\u201cYo no he visto ning\u00fan caso de hospitalidad y sentido de hermandad tan fuerte como el que he observado aqu\u00ed por personas de todos los colores y razas; aqu\u00ed, en esta antigua Tierra Santa, la casa de Abraham, Muhammad y todos los otros Profetas de las Escrituras Sagradas. Durante la \u00faltima semana, he estado totalmente mudo y fascinado por la gracia que constantemente veo desplegada a mi alrededor por las personas de todos los colores de piel.<\/p>\n<p>He sido bendecido por visitar la Ciudad Santa de La Meca, he hecho mis siete circuitos alrededor de la Ka\u2019aba, me llev\u00f3 un mutawaf joven llamado Muhammad, beb\u00ed agua del pozo de Zam Zam. Camin\u00e9 siete veces de un lado a otro entre las colinas de As Safa y Al Marwah. He orado en la ciudad antigua de Mina, y he orado en el Monte de Arafat.<\/p>\n<p>Hab\u00eda decenas de miles de peregrinos de todo el mundo. Eran de todos los colores, desde gente rubia de ojos azules, hasta africanos negros. Pero todos est\u00e1bamos participando en el mismo ritual, desplegando un esp\u00edritu de unidad y hermandad que mis experiencias en Am\u00e9rica me hab\u00edan llevado a creer que no podr\u00edan existir entre el blanco y el no blanco.<\/p>\n<p>Am\u00e9rica necesita entender el Islam, porque \u00e9sta es la religi\u00f3n que borra de la sociedad el problema del racismo. A lo largo de mis viajes en el mundo musulm\u00e1n, yo me he encontrado, he hablado, e incluso he comido con las personas que en Am\u00e9rica habr\u00edan sido consideradas \u201cblancas\u201d, pero la actitud blanca estaba alejada de sus mentes por la religi\u00f3n del Islam. Yo nunca antes tuve una experiencia as\u00ed, de hermandad sincera y verdadera, practicada conjuntamente por gente de todos los colores, independientemente de su raza.<\/p>\n<p>Ustedes pueden asustarse por estas palabras que vienen de m\u00ed. Pero en esta peregrinaci\u00f3n, lo que yo he visto y experimentado, me ha obligado a que reestructure muchos de mis pensamientos y modelos que hab\u00eda sostenido previamente, y me veo obligado a dejar algunas de mis conclusiones anteriores de lado. Esto no fue demasiado dif\u00edcil para m\u00ed. A pesar de mis convicciones firmes, yo he sido siempre un hombre que intenta enfrentar los hechos, y aceptar la realidad de la vida con la nueva experiencia y el nuevo conocimiento que trae. Yo siempre he tenido una mente abierta que necesariamente debe ir, junto a la flexibilidad, de la mano con cada persona que de forma inteligente busca la verdad.<\/p>\n<p>Durante los \u00faltimos once d\u00edas, aqu\u00ed en el mundo musulm\u00e1n, he comido del mismo plato, bebido del mismo vaso, y dormido en la misma alfombra \u2013 mientras or\u00e1bamos al mismo Dios \u2013 con musulmanes compa\u00f1eros, cuyos ojos son los m\u00e1s azules, cuyo pelo es el m\u00e1s rubio, y que tienen la piel m\u00e1s blanca. Pero en las palabras y en los hechos de los musulmanes blancos, yo sent\u00eda la misma sinceridad que sent\u00eda entre los musulmanes africanos negros de Nigeria, Sud\u00e1n y Ghana.<\/p>\n<p>Nosotros \u00e9ramos de verdad todos iguales, hermanos, porque la creencia en un \u00fanico Dios, hab\u00eda quitado el blanco de sus mentes, el blanco de su conducta, y el blanco de su actitud.<\/p>\n<p>Yo podr\u00eda ver que quiz\u00e1s, si los americanos blancos aceptaran la Unidad de Dios, tambi\u00e9n ellos podr\u00edan aceptar en la realidad la Unidad del Hombre, y dejar de medir a la gente por el color de su piel.<\/p>\n<p>Con el racismo que aqueja a Am\u00e9rica como un c\u00e1ncer incurable del llamado \u2018Cristianismo\u2019, el coraz\u00f3n americano blanco debe ser m\u00e1s receptivo a una soluci\u00f3n probada a tal problema destructivo. Quiz\u00e1s podr\u00eda ser tiempo de salvar a Am\u00e9rica del desastre inminente: la misma destrucci\u00f3n que trajo en Alemania el racismo que destruy\u00f3 el pa\u00eds.<\/p>\n<p>Aqu\u00ed, en la Tierra Santa, tengo las visiones espirituales m\u00e1s claras sobre lo que est\u00e1 pasando en Am\u00e9rica entre el negro y el blanco. El Negro americano nunca puede ser culpado de sus animosidades raciales, \u00e9l s\u00f3lo est\u00e1 reaccionando a cuatrocientos a\u00f1os de racismo consciente del blanco americano. Pero como la preeminencia del racismo est\u00e1 llevando a Am\u00e9rica al camino del suicidio, yo creo, de acuerdo a las experiencias que he tenido con ellos, que los blancos de la generaci\u00f3n m\u00e1s joven, en las universidades y facultades, tomar\u00e1n conciencia y muchos de ellos se volver\u00e1n al camino espiritual de la verdad, la \u00fanica manera de salvar a Am\u00e9rica del desastre a que el racismo la llevar\u00e1 inevitablemente.<\/p>\n<p>Nunca hab\u00eda sido tan sincero. Nunca me he sentido m\u00e1s humilde y digno. \u00bfQui\u00e9n creer\u00eda las bendiciones que se han acumulado en un negro americano? Hace unas noches, un hombre que ser\u00eda llamado en Am\u00e9rica \u201chombre blanco\u201d, un diplom\u00e1tico de las Naciones Unidas, embajador, un compa\u00f1ero de reyes, me dio su lugar en el hotel, su cama. Nunca habr\u00eda yo so\u00f1ado que ser\u00eda el receptor de estos honores, honores que en Am\u00e9rica se dar\u00edan s\u00f3lo a un Rey, no a un negro.<\/p>\n<p>Toda la alabanza es debida a Dios, el Se\u00f1or de los Mundos\u201d.&nbsp;<\/p>\n<\/div>\n<\/div>\n<\/div>\n<\/div>\n","protected":false},"excerpt":{"rendered":"<p>Malcolm X o Al-Hayy Malik Ash-Shabazz, vio la luz del verdadero Islam a trav\u00e9s de su peregrinaci\u00f3n en abril del a\u00f1o 1964. Como miembro, hasta entonces, y portavoz de la organizaci\u00f3n \u201cLa Naci\u00f3n del Islam\u201d, movimiento religioso socio-pol\u00edtico nacionalista con tendencias racistas. Malcolm cre\u00eda firmemente que el hombre blanco era diab\u00f3lico y el hombre negro [&hellip;]<\/p>\n","protected":false},"author":1,"featured_media":398,"comment_status":"closed","ping_status":"closed","sticky":false,"template":"","format":"standard","meta":{"footnotes":""},"categories":[11],"tags":[],"class_list":["post-397","post","type-post","status-publish","format-standard","has-post-thumbnail","hentry","category-articulos"],"blocksy_meta":[],"_links":{"self":[{"href":"https:\/\/www.fundacionislamica.org\/index.php?rest_route=\/wp\/v2\/posts\/397","targetHints":{"allow":["GET"]}}],"collection":[{"href":"https:\/\/www.fundacionislamica.org\/index.php?rest_route=\/wp\/v2\/posts"}],"about":[{"href":"https:\/\/www.fundacionislamica.org\/index.php?rest_route=\/wp\/v2\/types\/post"}],"author":[{"embeddable":true,"href":"https:\/\/www.fundacionislamica.org\/index.php?rest_route=\/wp\/v2\/users\/1"}],"replies":[{"embeddable":true,"href":"https:\/\/www.fundacionislamica.org\/index.php?rest_route=%2Fwp%2Fv2%2Fcomments&post=397"}],"version-history":[{"count":1,"href":"https:\/\/www.fundacionislamica.org\/index.php?rest_route=\/wp\/v2\/posts\/397\/revisions"}],"predecessor-version":[{"id":399,"href":"https:\/\/www.fundacionislamica.org\/index.php?rest_route=\/wp\/v2\/posts\/397\/revisions\/399"}],"wp:featuredmedia":[{"embeddable":true,"href":"https:\/\/www.fundacionislamica.org\/index.php?rest_route=\/wp\/v2\/media\/398"}],"wp:attachment":[{"href":"https:\/\/www.fundacionislamica.org\/index.php?rest_route=%2Fwp%2Fv2%2Fmedia&parent=397"}],"wp:term":[{"taxonomy":"category","embeddable":true,"href":"https:\/\/www.fundacionislamica.org\/index.php?rest_route=%2Fwp%2Fv2%2Fcategories&post=397"},{"taxonomy":"post_tag","embeddable":true,"href":"https:\/\/www.fundacionislamica.org\/index.php?rest_route=%2Fwp%2Fv2%2Ftags&post=397"}],"curies":[{"name":"wp","href":"https:\/\/api.w.org\/{rel}","templated":true}]}}