{"id":386,"date":"2021-04-07T19:59:23","date_gmt":"2021-04-07T23:59:23","guid":{"rendered":"https:\/\/www.fundacionislamica.org\/?p=386"},"modified":"2024-09-30T00:27:34","modified_gmt":"2024-09-30T03:27:34","slug":"francia-y-la-tirania-secular","status":"publish","type":"post","link":"https:\/\/www.fundacionislamica.org\/?p=386","title":{"rendered":"Francia y la tiran\u00eda secular"},"content":{"rendered":"<div class=\"boldgrid-section\">\n<div class=\"container\">\n<div class=\"row\">\n<div class=\"col-md-12 col-xs-12 col-sm-12\">\n<p class=\"\">El 31 de marzo de 2021, Francia avanz\u00f3 en su misi\u00f3n de subyugar a los musulmanes.<\/p>\n<p class=\"\">Despu\u00e9s de prohibir el uso del hiyab en las escuelas p\u00fablicas en 2004, el Senado ahora ha prohibido el hiyab para cualquier persona menor de 18 a\u00f1os en p\u00fablico.<\/p>\n<p class=\"\">El senador franc\u00e9s Christian Bilhac dijo sobre el tema:<\/p>\n<p class=\"\">&nbsp;\u201c\u00bfHasta qu\u00e9 punto puede una rep\u00fablica laica tolerar que los ni\u00f1os muestren signos religiosos a la vista de todos? No corresponde a los padres imponer dogmas a los ni\u00f1os. Es fundamental que existan espacios protectores para ellos y un camino hacia la emancipaci\u00f3n \u201d.<\/p>\n<p class=\"\">Pero esto es simplemente incorrecto. El hiyab es sumamente racional y redunda en gran medida en el mejor inter\u00e9s de las mujeres, los hombres, los ni\u00f1os y toda la sociedad porque, entre muchas cosas, reduce el tipo de actividad sexual promiscua que crea matrimonios rotos, ni\u00f1os nacidos fuera del matrimonio, libertinaje, inmoralidad lasciva y toda una serie de otros males que han llegado a caracterizar a la sociedad francesa y al mundo occidental en general.<\/p>\n<p class=\"\">Esta decisi\u00f3n pol\u00edtica es parte de una estrategia que consiste en negarle toda racionalidad al Islam. La base expl\u00edcita para la prohibici\u00f3n es la siguiente afirmaci\u00f3n: No hay un prop\u00f3sito racional para el velo y las mujeres musulmanas se ven obligadas a usarlo en contra de sus mejores intereses.<\/p>\n<p class=\"\">La Rep\u00fablica Francesa, que se ha establecido a trav\u00e9s de la propaganda, la ingenier\u00eda social y los golpes pol\u00edticos, no impone su voluntad secular a trav\u00e9s de la raz\u00f3n y la argumentaci\u00f3n. M\u00e1s bien usa la fuerza para monopolizar el discurso y prohibe las objeciones a sus pol\u00edticas draconianas. Esa es la naturaleza del secularismo.<\/p>\n<p class=\"\">Curiosamente, el periodista G\u00e9rard Leclerc afirm\u00f3 en la televisi\u00f3n p\u00fablica que la raz\u00f3n por la que el Islam requiere el hiyab es porque el cabello de las mujeres recuerda al cabello en las partes \u00edntimas femeninas. Este es el tipo de \u00abmano de obra\u00bb que se hace para desacreditar las pr\u00e1cticas isl\u00e1micas.<\/p>\n<p class=\"\">Tambi\u00e9n escuchamos que el hijab era una bandera pol\u00edtica de \u00abislamismo\u00bb y que el hijab es un signo de endogamia, es decir, que las mujeres musulmanas solo se casan con hombres musulmanes. Esto enoja al libertino franc\u00e9s, por supuesto, que fantasea con las mujeres musulmanas, como lo demuestra la larga historia de pinturas y novelas orientalistas de Francia desde el siglo XVIII.<\/p>\n<p class=\"\">Esta nueva prohibici\u00f3n se justific\u00f3 por dos puntos:<\/p>\n<p class=\"\">&#8211; Hijab significa la inferioridad de las mujeres a los hombres.<\/p>\n<p class=\"\">&#8211; Los padres no deben imponer pr\u00e1cticas religiosas a sus hijos.<\/p>\n<p class=\"\">Con respecto al primer punto, este no tiene una fuente b\u00edblica en los textos isl\u00e1micos. Y esto tampoco est\u00e1 probado por la raz\u00f3n.&nbsp;&nbsp;<\/p>\n<p class=\"\">\u00bfPor qu\u00e9 estar m\u00e1s cubierto significa inferioridad? \u00bfPor qu\u00e9 no podr\u00eda significar superioridad? \u00bfEst\u00e1n los franceses libertinos simplemente proyectando su propia obsesi\u00f3n retorcida por la desnudez femenina en el Islam?<\/p>\n<p class=\"\">En cuanto al segundo punto, este muestra a\u00fan m\u00e1s claramente la hipocres\u00eda francesa. \u00bfNo han impuesto su propia religi\u00f3n secular a millones de ni\u00f1os en el pasado? Fueron los mismos republicanos franceses quienes hablaron de su religi\u00f3n republicana cuando tuvieron que proponer una alternativa al cristianismo durante su reinado de terror tras la Revoluci\u00f3n Francesa.<\/p>\n<p class=\"\">Los fil\u00f3sofos de la Ilustraci\u00f3n despu\u00e9s de la Revoluci\u00f3n Francesa vieron la necesidad de construir una religi\u00f3n secular.&nbsp;&nbsp;<\/p>\n<p class=\"\">Precisamente por eso, Jules Ferry hizo obligatorio el programa educativo de la Escuela Republicana para todos los ni\u00f1os con el fin de imponer los valores republicanos a la poblaci\u00f3n de la \u00e9poca, que era cat\u00f3lica.<\/p>\n<p class=\"\">Esto se encuentra claramente mencionado:<\/p>\n<p class=\"\">&nbsp;\u201cNo, ciertamente, el Estado no es doctor en matem\u00e1ticas, doctor en letras ni en qu\u00edmica. [\u2026] Si conviene que pague a los profesores, no es para crear o difundir verdades cient\u00edficas; no es por eso que se involucra en la educaci\u00f3n: se involucra en ella para mantener una cierta moralidad estatal, una cierta doctrina estatal, indispensable para su preservaci\u00f3n \u201d. [Jules Ferry to the House, 26 de junio de 1879]<\/p>\n<p class=\"\">Francia todav\u00eda est\u00e1 avanzando en su plan para erradicar el Islam, y su programa pronto puede servir de gu\u00eda para que otros pa\u00edses occidentales sigan su ejemplo.<\/p>\n<p class=\"\">Boicot a francia, una y otra vez.<\/p>\n<p class=\"\"><strong><span style=\"font-size: 1rem;\">Fuente: muslimskeptic.com<\/span><\/strong><\/p>\n<\/div>\n<\/div>\n<\/div>\n<\/div>\n","protected":false},"excerpt":{"rendered":"<p>El 31 de marzo de 2021, Francia avanz\u00f3 en su misi\u00f3n de subyugar a los musulmanes. Despu\u00e9s de prohibir el uso del hiyab en las escuelas p\u00fablicas en 2004, el Senado ahora ha prohibido el hiyab para cualquier persona menor de 18 a\u00f1os en p\u00fablico. El senador franc\u00e9s Christian Bilhac dijo sobre el tema: &nbsp;\u201c\u00bfHasta [&hellip;]<\/p>\n","protected":false},"author":1,"featured_media":387,"comment_status":"closed","ping_status":"closed","sticky":false,"template":"","format":"standard","meta":{"footnotes":""},"categories":[11],"tags":[],"class_list":["post-386","post","type-post","status-publish","format-standard","has-post-thumbnail","hentry","category-articulos"],"blocksy_meta":[],"_links":{"self":[{"href":"https:\/\/www.fundacionislamica.org\/index.php?rest_route=\/wp\/v2\/posts\/386","targetHints":{"allow":["GET"]}}],"collection":[{"href":"https:\/\/www.fundacionislamica.org\/index.php?rest_route=\/wp\/v2\/posts"}],"about":[{"href":"https:\/\/www.fundacionislamica.org\/index.php?rest_route=\/wp\/v2\/types\/post"}],"author":[{"embeddable":true,"href":"https:\/\/www.fundacionislamica.org\/index.php?rest_route=\/wp\/v2\/users\/1"}],"replies":[{"embeddable":true,"href":"https:\/\/www.fundacionislamica.org\/index.php?rest_route=%2Fwp%2Fv2%2Fcomments&post=386"}],"version-history":[{"count":1,"href":"https:\/\/www.fundacionislamica.org\/index.php?rest_route=\/wp\/v2\/posts\/386\/revisions"}],"predecessor-version":[{"id":388,"href":"https:\/\/www.fundacionislamica.org\/index.php?rest_route=\/wp\/v2\/posts\/386\/revisions\/388"}],"wp:featuredmedia":[{"embeddable":true,"href":"https:\/\/www.fundacionislamica.org\/index.php?rest_route=\/wp\/v2\/media\/387"}],"wp:attachment":[{"href":"https:\/\/www.fundacionislamica.org\/index.php?rest_route=%2Fwp%2Fv2%2Fmedia&parent=386"}],"wp:term":[{"taxonomy":"category","embeddable":true,"href":"https:\/\/www.fundacionislamica.org\/index.php?rest_route=%2Fwp%2Fv2%2Fcategories&post=386"},{"taxonomy":"post_tag","embeddable":true,"href":"https:\/\/www.fundacionislamica.org\/index.php?rest_route=%2Fwp%2Fv2%2Ftags&post=386"}],"curies":[{"name":"wp","href":"https:\/\/api.w.org\/{rel}","templated":true}]}}