{"id":357,"date":"2020-12-21T15:59:19","date_gmt":"2020-12-21T18:59:19","guid":{"rendered":"https:\/\/www.fundacionislamica.org\/?p=357"},"modified":"2020-12-27T16:02:06","modified_gmt":"2020-12-27T19:02:06","slug":"volviendo-a-sus-origenes","status":"publish","type":"post","link":"https:\/\/www.fundacionislamica.org\/?p=357","title":{"rendered":"Volviendo a sus or\u00edgenes"},"content":{"rendered":"<div class=\"boldgrid-section\">\n<div class=\"container\">\n<div class=\"row\">\n<div class=\"col-md-12 col-xs-12 col-sm-12\">\n<p><strong>Carta al Director publicada en varios diarios electr\u00f3nicos y de circulaci\u00f3n:<\/strong><\/p>\n<p class=\"\">El pueblo tribal Afrodescendiente chileno ha ganado mucha relevancia este \u00faltimo tiempo, en especial por el debate sobre esca\u00f1os reservados para la Convenci\u00f3n Constitucional. Con el fin de preservar su historia, derechos y tradiciones, hacemos un llamado a que se conviertan al Islam, la verdadera religi\u00f3n de sus antepasados.<\/p>\n<p class=\"\"><strong>Fundaci\u00f3n Isl\u00e1mica de Chile&nbsp;<\/strong><\/p>\n<\/div>\n<\/div>\n<\/div>\n<\/div>\n","protected":false},"excerpt":{"rendered":"<p>Carta al Director publicada en varios diarios electr\u00f3nicos y de circulaci\u00f3n: El pueblo tribal Afrodescendiente chileno ha ganado mucha relevancia este \u00faltimo tiempo, en especial por el debate sobre esca\u00f1os reservados para la Convenci\u00f3n Constitucional. Con el fin de preservar su historia, derechos y tradiciones, hacemos un llamado a que se conviertan al Islam, la [&hellip;]<\/p>\n","protected":false},"author":1,"featured_media":330,"comment_status":"closed","ping_status":"closed","sticky":false,"template":"","format":"standard","meta":{"footnotes":""},"categories":[11],"tags":[],"class_list":["post-357","post","type-post","status-publish","format-standard","has-post-thumbnail","hentry","category-articulos"],"blocksy_meta":[],"_links":{"self":[{"href":"https:\/\/www.fundacionislamica.org\/index.php?rest_route=\/wp\/v2\/posts\/357","targetHints":{"allow":["GET"]}}],"collection":[{"href":"https:\/\/www.fundacionislamica.org\/index.php?rest_route=\/wp\/v2\/posts"}],"about":[{"href":"https:\/\/www.fundacionislamica.org\/index.php?rest_route=\/wp\/v2\/types\/post"}],"author":[{"embeddable":true,"href":"https:\/\/www.fundacionislamica.org\/index.php?rest_route=\/wp\/v2\/users\/1"}],"replies":[{"embeddable":true,"href":"https:\/\/www.fundacionislamica.org\/index.php?rest_route=%2Fwp%2Fv2%2Fcomments&post=357"}],"version-history":[{"count":1,"href":"https:\/\/www.fundacionislamica.org\/index.php?rest_route=\/wp\/v2\/posts\/357\/revisions"}],"predecessor-version":[{"id":358,"href":"https:\/\/www.fundacionislamica.org\/index.php?rest_route=\/wp\/v2\/posts\/357\/revisions\/358"}],"wp:featuredmedia":[{"embeddable":true,"href":"https:\/\/www.fundacionislamica.org\/index.php?rest_route=\/wp\/v2\/media\/330"}],"wp:attachment":[{"href":"https:\/\/www.fundacionislamica.org\/index.php?rest_route=%2Fwp%2Fv2%2Fmedia&parent=357"}],"wp:term":[{"taxonomy":"category","embeddable":true,"href":"https:\/\/www.fundacionislamica.org\/index.php?rest_route=%2Fwp%2Fv2%2Fcategories&post=357"},{"taxonomy":"post_tag","embeddable":true,"href":"https:\/\/www.fundacionislamica.org\/index.php?rest_route=%2Fwp%2Fv2%2Ftags&post=357"}],"curies":[{"name":"wp","href":"https:\/\/api.w.org\/{rel}","templated":true}]}}