{"id":355,"date":"2020-12-19T15:50:21","date_gmt":"2020-12-19T18:50:21","guid":{"rendered":"https:\/\/www.fundacionislamica.org\/?p=355"},"modified":"2020-12-27T15:58:49","modified_gmt":"2020-12-27T18:58:49","slug":"dia-mundial-de-la-lengua-arabe","status":"publish","type":"post","link":"https:\/\/www.fundacionislamica.org\/?p=355","title":{"rendered":"D\u00eda Mundial de la Lengua \u00c1rabe"},"content":{"rendered":"<div class=\"boldgrid-section\">\n<div class=\"container\">\n<div class=\"row\">\n<div class=\"col-md-12 col-xs-12 col-sm-12\">\n<p class=\"\">&nbsp;<\/p>\n<p class=\"\"><strong>Carta al Director publicada en varios diarios electr\u00f3nicos y de circulaci\u00f3n:<\/strong><\/p>\n<p class=\"\">Este 18 de diciembre se conmemora el D\u00eda Mundial de la Lengua \u00c1rabe, idioma que no es muy ajeno a nuestra idiosincrasia, teniendo en cuenta las innumerables expresiones y palabras de origen \u00e1rabe que utilizamos d\u00eda a d\u00eda, fruto de los casi 8 siglos de influencia isl\u00e1mica en la Pen\u00ednsula Ib\u00e9rica, herencia que posteriormente lleg\u00f3 a Am\u00e9rica a manos de los espa\u00f1oles en las circunstancias que todos conocemos. La lengua \u00e1rabe es el cuarto idioma m\u00e1s hablado del mundo por n\u00famero de hablantes nativos, y es adem\u00e1s la lengua oficial en 23 pa\u00edses y co-oficial en 6 pa\u00edses.<\/p>\n<p class=\"\">El \u00e1rabe, de la familia de las lenguas sem\u00edticas, es tambi\u00e9n la lengua lit\u00fargica del islam y desde el 2012, la UNESCO ha establecido este d\u00eda con el objetivo de reconocer la enorme contribuci\u00f3n de esta lengua a la cultura universal y celebrar la diversidad ling\u00fc\u00edstica, ojal\u00e1.<\/p>\n<p class=\"\"><strong>Fundaci\u00f3n Isl\u00e1mica de Chile<\/strong><\/p>\n<\/div>\n<\/div>\n<\/div>\n<\/div>\n","protected":false},"excerpt":{"rendered":"<p>&nbsp; Carta al Director publicada en varios diarios electr\u00f3nicos y de circulaci\u00f3n: Este 18 de diciembre se conmemora el D\u00eda Mundial de la Lengua \u00c1rabe, idioma que no es muy ajeno a nuestra idiosincrasia, teniendo en cuenta las innumerables expresiones y palabras de origen \u00e1rabe que utilizamos d\u00eda a d\u00eda, fruto de los casi 8 [&hellip;]<\/p>\n","protected":false},"author":1,"featured_media":330,"comment_status":"closed","ping_status":"closed","sticky":false,"template":"","format":"standard","meta":{"footnotes":""},"categories":[11],"tags":[],"class_list":["post-355","post","type-post","status-publish","format-standard","has-post-thumbnail","hentry","category-articulos"],"blocksy_meta":[],"_links":{"self":[{"href":"https:\/\/www.fundacionislamica.org\/index.php?rest_route=\/wp\/v2\/posts\/355","targetHints":{"allow":["GET"]}}],"collection":[{"href":"https:\/\/www.fundacionislamica.org\/index.php?rest_route=\/wp\/v2\/posts"}],"about":[{"href":"https:\/\/www.fundacionislamica.org\/index.php?rest_route=\/wp\/v2\/types\/post"}],"author":[{"embeddable":true,"href":"https:\/\/www.fundacionislamica.org\/index.php?rest_route=\/wp\/v2\/users\/1"}],"replies":[{"embeddable":true,"href":"https:\/\/www.fundacionislamica.org\/index.php?rest_route=%2Fwp%2Fv2%2Fcomments&post=355"}],"version-history":[{"count":1,"href":"https:\/\/www.fundacionislamica.org\/index.php?rest_route=\/wp\/v2\/posts\/355\/revisions"}],"predecessor-version":[{"id":356,"href":"https:\/\/www.fundacionislamica.org\/index.php?rest_route=\/wp\/v2\/posts\/355\/revisions\/356"}],"wp:featuredmedia":[{"embeddable":true,"href":"https:\/\/www.fundacionislamica.org\/index.php?rest_route=\/wp\/v2\/media\/330"}],"wp:attachment":[{"href":"https:\/\/www.fundacionislamica.org\/index.php?rest_route=%2Fwp%2Fv2%2Fmedia&parent=355"}],"wp:term":[{"taxonomy":"category","embeddable":true,"href":"https:\/\/www.fundacionislamica.org\/index.php?rest_route=%2Fwp%2Fv2%2Fcategories&post=355"},{"taxonomy":"post_tag","embeddable":true,"href":"https:\/\/www.fundacionislamica.org\/index.php?rest_route=%2Fwp%2Fv2%2Ftags&post=355"}],"curies":[{"name":"wp","href":"https:\/\/api.w.org\/{rel}","templated":true}]}}