{"id":338,"date":"2020-11-13T15:42:54","date_gmt":"2020-11-13T18:42:54","guid":{"rendered":"https:\/\/www.fundacionislamica.org\/?p=338"},"modified":"2020-11-13T15:42:54","modified_gmt":"2020-11-13T18:42:54","slug":"que-esta-pasando-en-nagorno-karabaj","status":"publish","type":"post","link":"https:\/\/www.fundacionislamica.org\/?p=338","title":{"rendered":"\u00bfQu\u00e9 est\u00e1 pasando en Nagorno Karabaj?"},"content":{"rendered":"<div class=\"boldgrid-section\">\n<div class=\"container\">\n<div class=\"row\">\n<div class=\"col-md-12 col-xs-12 col-sm-12\">\n<p>&nbsp;<\/p>\n<p>La regi\u00f3n de Nagorno Karabaj ha estado siendo noticia en la prensa internacional. Se trata de un territorio que le pertenece a Azerbaiy\u00e1n y que ha estado ocupado ilegalmente por Armenia por casi tres d\u00e9cadas. Esta conclusi\u00f3n es porque la comunidad internacional, en pleno, y las normas y los organismos que rigen las Relaciones Internacionales, as\u00ed lo establecen.<\/p>\n<p class=\"\">En estas l\u00edneas quisiera enfocarme sobre algunas observaciones del contexto actual, ya que sobre las cuestiones hist\u00f3ricas hay una gran cantidad de escritos; adem\u00e1s compartir\u00e1n conmigo, uno de los interrogantes m\u00e1s demandantes en el presente puede ser sin dudas el intentar comprender los acontecimientos actuales.<\/p>\n<p class=\"\">A lo largo de tres d\u00e9cadas, el 20% del territorio de Azerbaiy\u00e1n ha estado bajo la ocupaci\u00f3n militar de Armenia. Los distintos gobiernos de Ever\u00e1n han apoyado la creaci\u00f3n de un Estado que nadie, ni Armenia, ha reconocido como tal.<\/p>\n<p class=\"\">Omitiendo tambi\u00e9n detallar sobre el costo humanitario de esta guerra, que caus\u00f3 m\u00e1s de 30.000 muertos y el desplazamiento del 10% de la poblaci\u00f3n azerbaiyana; el marco de negociaciones est\u00e1 determinado por el Grupo Minsk de la OCSE, co-presidido por la Federaci\u00f3n Rusa, Francia y Estados Unidos.<\/p>\n<p class=\"\">Este grupo ad-hoc adopt\u00f3 nueve puntos y se aferr\u00f3 a lo establecido por el Consejo de Seguridad de las Naciones Unidas. A trav\u00e9s de cuatro resoluciones, se exige a Armenia la retirada de sus fuerzas militares los territorios ocupados; en forma \u201cincondicional e inmediata\u201d. Tanto de Nagorno Karabaj como de los otros siete distritos adyacentes que fueron tambi\u00e9n ocupados.<\/p>\n<p class=\"\">Desde principios de los noventa a la fecha, ambos pa\u00edses experimentaron procesos de crecimiento y desarrollo muy diferentes. Lo que ha llevado a que Azerbaiy\u00e1n se convirtiera en la mayor econom\u00eda regional, y Armenia, en la m\u00e1s pobre. Azerbaiy\u00e1n pudo desarrollar estrategias de posicionamiento geopol\u00edtico regional; Armenia no pudo proyectar su pol\u00edtica exterior con \u00e9xito en la regi\u00f3n. Muchos de Uds. seguramente conocen de los gasoductos, del trazado de los mismos, de la importancia para los pa\u00edses europeos el recurso energ\u00e9tico que representa Azerbaiy\u00e1n como proveedor. La prosperidad estuvo del lado de Azerbaiy\u00e1n, m\u00e1s que del lado de Armenia; y tambi\u00e9n eso en el plano militar.<\/p>\n<p class=\"\">A la par de este proceso, las negociaciones del Grupo Minsk no arrojaron resultados, pero ambas partes al menos coincidieron en sentar las bases de un acuerdo. Del lado de Bak\u00fa, el inter\u00e9s de cambiar el status-quo y recuperar el territorio ocupado; por el lado de Everan, el esfuerzo por sostenerlo.<\/p>\n<p>Pero esto cambia con la llegada al poder del actual Primer Ministro de Armenia.<\/p>\n<p class=\"\">En el contexto de la llamada \u201crevoluci\u00f3n de terciopelo\u201d en el a\u00f1o 2018, Nikol Pashinian se convierte en Primer Ministro tras la forzada dimisi\u00f3n de su predecesor Serh Sargsi\u00e1in.<\/p>\n<p class=\"\">Respaldado por las protestas sociales contra la corrupci\u00f3n, Pashinian lleg\u00f3 con la promesa de una \u201crevoluci\u00f3n econ\u00f3mica \u201cpara Armenia. Pero tal expectativa se fue desvaneciendo y con la llegada de la pandemia la situaci\u00f3n fue empeorando. Y en reacci\u00f3n, el l\u00edder del partido Yelk activ\u00f3 la \u201cllave de la ret\u00f3rica nacionalista\u201d.<\/p>\n<p class=\"\">En resultado, este a\u00f1o una de las bases de las negociaciones del Grupo Minsk fue anulada por la posici\u00f3n que tom\u00f3 Pashinian. Visit\u00f3 los territorios ocupados, se tom\u00f3 fotos inspeccionando armamento y declar\u00f3 \u201cNagorno Karabaj es Armenia\u201d. Desde entonces, los periodistas europeos independientes le reprocharon en cada entrevista por esta actitud; del lado azerbaiyano tambi\u00e9n levantaron la queja. \u00bfPor qu\u00e9? Porque les prometi\u00f3 a los separatistas que ser\u00edan parte de las negociaciones. Algo que no est\u00e1 contemplado en el Grupo Minks ni en los mecanismos de di\u00e1logo; y que adem\u00e1s, Pashinian no desconoce que as\u00ed llev\u00f3 a Armenia a una posici\u00f3n inconsistente desde el derecho internacional: la integridad territorial de un pa\u00eds no se puede modificar por la fuerza. La propuesta del Primer Ministro de Armenia, como \u00e9l mismo sab\u00eda, fue rechazada en el seno del Grupo de Minsk.<\/p>\n<p class=\"\">En Julio de este a\u00f1o un incidente empez\u00f3 a encender la chispa de una nueva escalada de violencia, el ataque al Tovuz; donde las fuerzas armadas de armenia lanzaron artiller\u00eda contra la poblaci\u00f3n civil en esta \u00e1rea residencial que est\u00e1 alejada de la regi\u00f3n de Nagorno Karabaj.<\/p>\n<p>Y este evento se conecta con lo ocurrido el 27 de septiembre, donde nuevamente otras \u00e1reas residenciales de Azerbaiy\u00e1n como Terner y Horadiz sufren los impactos de la artiller\u00eda de las fuerzas militares armenias.<\/p>\n<p class=\"\">Lo que sigui\u00f3, lo venimos conociendo a trav\u00e9s de las noticias. La tragedia de la guerra, las bajas en ambos bandos, el padecimiento de la poblaci\u00f3n civil en diferentes ciudades de Azerbaiy\u00e1n que fueron indiscriminadamente bombardeadas. Zonas residenciales alejadas de la l\u00ednea de contacto, actos sobre los que la justicia penal internacional caer\u00e1 sobre los responsables.<\/p>\n<p>Esta beligerancia de los l\u00edderes armenios llev\u00f3 a la guerra, a la destrucci\u00f3n de los estamentos logrados para las negociaciones.<\/p>\n<p class=\"\">La paz pudo llegar con la intervenci\u00f3n de la Federaci\u00f3n Rusa. Durante muchos a\u00f1os los observadores ha escrito sobre el respaldo de la Federaci\u00f3n Rusa hacia Armenia, y en la pr\u00e1ctica ahora no se sucede. Muchos se preguntar\u00e1n, \u00bfpor qu\u00e9? La respuesta es porque todos los combates se suceden en territorio de Azerbaiy\u00e1n. Nadie ha atacado a Armenia, Azerbaiy\u00e1n ha expuesto que no existido nunca ning\u00fan objetivo militar en territorio armenio. La reciente agresi\u00f3n armenia llev\u00f3 a Azerbaiy\u00e1n a tener la necesidad de hacer uso de su derecho a defenderse, desde la legitimidad por reclamar y recuperar sus tierras ocupadas y en concordancia con el art\u00edculo 51 de la Carta de las Naciones Unidas.<\/p>\n<p>Y hoy somos testigos, el status-quo sostenido por los l\u00edderes armenios durante tres d\u00e9cadas, ahora se desvanece. La ocupaci\u00f3n llegar\u00e1 a su fin y hacia el futuro, tenemos que hablar del desaf\u00edo de la convivencia.<\/p>\n<p class=\"\"><strong>Por Dr. Shahriyar Nasirov<\/strong><\/p>\n<p class=\"\"><strong>Docente universitario.<\/strong><\/p>\n<p><strong>Refugiado azerbaiyano residente en Santiago de Chile.<\/strong><\/p>\n<p>&nbsp;<\/p>\n<\/div>\n<\/div>\n<\/div>\n<\/div>\n","protected":false},"excerpt":{"rendered":"<p>&nbsp; La regi\u00f3n de Nagorno Karabaj ha estado siendo noticia en la prensa internacional. Se trata de un territorio que le pertenece a Azerbaiy\u00e1n y que ha estado ocupado ilegalmente por Armenia por casi tres d\u00e9cadas. Esta conclusi\u00f3n es porque la comunidad internacional, en pleno, y las normas y los organismos que rigen las Relaciones [&hellip;]<\/p>\n","protected":false},"author":1,"featured_media":339,"comment_status":"closed","ping_status":"closed","sticky":false,"template":"","format":"standard","meta":{"footnotes":""},"categories":[11],"tags":[],"class_list":["post-338","post","type-post","status-publish","format-standard","has-post-thumbnail","hentry","category-articulos"],"blocksy_meta":[],"_links":{"self":[{"href":"https:\/\/www.fundacionislamica.org\/index.php?rest_route=\/wp\/v2\/posts\/338","targetHints":{"allow":["GET"]}}],"collection":[{"href":"https:\/\/www.fundacionislamica.org\/index.php?rest_route=\/wp\/v2\/posts"}],"about":[{"href":"https:\/\/www.fundacionislamica.org\/index.php?rest_route=\/wp\/v2\/types\/post"}],"author":[{"embeddable":true,"href":"https:\/\/www.fundacionislamica.org\/index.php?rest_route=\/wp\/v2\/users\/1"}],"replies":[{"embeddable":true,"href":"https:\/\/www.fundacionislamica.org\/index.php?rest_route=%2Fwp%2Fv2%2Fcomments&post=338"}],"version-history":[{"count":1,"href":"https:\/\/www.fundacionislamica.org\/index.php?rest_route=\/wp\/v2\/posts\/338\/revisions"}],"predecessor-version":[{"id":340,"href":"https:\/\/www.fundacionislamica.org\/index.php?rest_route=\/wp\/v2\/posts\/338\/revisions\/340"}],"wp:featuredmedia":[{"embeddable":true,"href":"https:\/\/www.fundacionislamica.org\/index.php?rest_route=\/wp\/v2\/media\/339"}],"wp:attachment":[{"href":"https:\/\/www.fundacionislamica.org\/index.php?rest_route=%2Fwp%2Fv2%2Fmedia&parent=338"}],"wp:term":[{"taxonomy":"category","embeddable":true,"href":"https:\/\/www.fundacionislamica.org\/index.php?rest_route=%2Fwp%2Fv2%2Fcategories&post=338"},{"taxonomy":"post_tag","embeddable":true,"href":"https:\/\/www.fundacionislamica.org\/index.php?rest_route=%2Fwp%2Fv2%2Ftags&post=338"}],"curies":[{"name":"wp","href":"https:\/\/api.w.org\/{rel}","templated":true}]}}