{"id":329,"date":"2020-10-31T09:37:30","date_gmt":"2020-10-31T12:37:30","guid":{"rendered":"https:\/\/www.fundacionislamica.org\/?p=329"},"modified":"2020-10-31T09:42:49","modified_gmt":"2020-10-31T12:42:49","slug":"el-islam-y-sus-seguidores","status":"publish","type":"post","link":"https:\/\/www.fundacionislamica.org\/?p=329","title":{"rendered":"El Islam y sus seguidores"},"content":{"rendered":"<div class=\"boldgrid-section\">\n<div class=\"container\">\n<div class=\"row\">\n<div class=\"col-md-12 col-xs-12 col-sm-12\">\n<p class=\"\"><span style=\"font-size: 1rem;\">Se\u00f1or Director:&nbsp;&nbsp;<\/span><\/p>\n<p class=\"\">El Islam y los seguidores del Islam, los musulmanes, son muy visibles en los medios de comunicaci\u00f3n hoy en d\u00eda. Alrededor del mundo, se levantan debates furiosos sobre diversos t\u00f3picos isl\u00e1micos o temas que invariablemente involucran a los musulmanes. La exposici\u00f3n casi continua en los medios masivos significa que es dif\u00edcil que haya todav\u00eda una persona en el mundo que no haya le\u00eddo, visto o escuchado algo acerca del Islam, de los musulmanes, o de ambos.&nbsp;<\/p>\n<p class=\"\">Muchos basan sus opiniones en conceptos errados o malos entendidos acerca del Islam. Muchos basan sus opiniones en los actos o las palabras de personas que se autodenominan musulmanas, pero que en realidad tienen muy poco conocimiento acerca de esta religi\u00f3n.&nbsp;<\/p>\n<p class=\"\">No todos los musulmanes representan al Islam y no todos los musulmanes entienden y siguen su religi\u00f3n como es debido. Sabiendo esto, es esencial reconocer que el hecho de que una persona, grupo o pa\u00eds, sea conocido como &#8216;isl\u00e1mico&#8217;, no significa que autom\u00e1ticamente siga las leyes enviadas por Dios, culpar una religi\u00f3n determinada por las acciones de algunos de sus seguidores, es una falta a la raz\u00f3n y la sensatez.&nbsp;<\/p>\n<p class=\"\"><strong>Fundaci\u00f3n Isl\u00e1mica de Chile.<\/strong><\/p>\n<p class=\"\"><strong>Carta al Director publicada en Las \u00daltimas Noticias y diarios regionales el d\u00eda de hoy.&nbsp;<\/strong><\/p>\n<\/div>\n<\/div>\n<\/div>\n<\/div>\n<p><!--more--><\/p>\n","protected":false},"excerpt":{"rendered":"<p>Se\u00f1or Director:&nbsp;&nbsp; El Islam y los seguidores del Islam, los musulmanes, son muy visibles en los medios de comunicaci\u00f3n hoy en d\u00eda. Alrededor del mundo, se levantan debates furiosos sobre diversos t\u00f3picos isl\u00e1micos o temas que invariablemente involucran a los musulmanes. La exposici\u00f3n casi continua en los medios masivos significa que es dif\u00edcil que haya [&hellip;]<\/p>\n","protected":false},"author":1,"featured_media":330,"comment_status":"closed","ping_status":"closed","sticky":false,"template":"","format":"standard","meta":{"footnotes":""},"categories":[11],"tags":[],"class_list":["post-329","post","type-post","status-publish","format-standard","has-post-thumbnail","hentry","category-articulos"],"blocksy_meta":[],"_links":{"self":[{"href":"https:\/\/www.fundacionislamica.org\/index.php?rest_route=\/wp\/v2\/posts\/329","targetHints":{"allow":["GET"]}}],"collection":[{"href":"https:\/\/www.fundacionislamica.org\/index.php?rest_route=\/wp\/v2\/posts"}],"about":[{"href":"https:\/\/www.fundacionislamica.org\/index.php?rest_route=\/wp\/v2\/types\/post"}],"author":[{"embeddable":true,"href":"https:\/\/www.fundacionislamica.org\/index.php?rest_route=\/wp\/v2\/users\/1"}],"replies":[{"embeddable":true,"href":"https:\/\/www.fundacionislamica.org\/index.php?rest_route=%2Fwp%2Fv2%2Fcomments&post=329"}],"version-history":[{"count":3,"href":"https:\/\/www.fundacionislamica.org\/index.php?rest_route=\/wp\/v2\/posts\/329\/revisions"}],"predecessor-version":[{"id":334,"href":"https:\/\/www.fundacionislamica.org\/index.php?rest_route=\/wp\/v2\/posts\/329\/revisions\/334"}],"wp:featuredmedia":[{"embeddable":true,"href":"https:\/\/www.fundacionislamica.org\/index.php?rest_route=\/wp\/v2\/media\/330"}],"wp:attachment":[{"href":"https:\/\/www.fundacionislamica.org\/index.php?rest_route=%2Fwp%2Fv2%2Fmedia&parent=329"}],"wp:term":[{"taxonomy":"category","embeddable":true,"href":"https:\/\/www.fundacionislamica.org\/index.php?rest_route=%2Fwp%2Fv2%2Fcategories&post=329"},{"taxonomy":"post_tag","embeddable":true,"href":"https:\/\/www.fundacionislamica.org\/index.php?rest_route=%2Fwp%2Fv2%2Ftags&post=329"}],"curies":[{"name":"wp","href":"https:\/\/api.w.org\/{rel}","templated":true}]}}