{"id":326,"date":"2020-10-27T15:58:23","date_gmt":"2020-10-27T18:58:23","guid":{"rendered":"https:\/\/www.fundacionislamica.org\/?p=326"},"modified":"2020-10-27T15:58:23","modified_gmt":"2020-10-27T18:58:23","slug":"la-verdadera-crisis-de-macron-tiene-mas-que-ver-con-los-valores-franceses-que-con-el-islam","status":"publish","type":"post","link":"https:\/\/www.fundacionislamica.org\/?p=326","title":{"rendered":"La verdadera crisis de Macron tiene m\u00e1s que ver con los valores franceses que con el Islam"},"content":{"rendered":"<div class=\"boldgrid-section\">\n<div class=\"container\">\n<div class=\"row\">\n<div class=\"col-md-12 col-xs-12 col-sm-12\">\n<p>La verdadera crisis de Macron tiene m\u00e1s que ver con los valores franceses que con el Islam<\/p>\n<p>La feroz campa\u00f1a de Emmanuel Macron contra el Islam y los musulmanes no ha salido de la nada. Es el producto de un racismo arraigado en lo profundo de la psique francesa. Es una crisis de los valores franceses, no del Islam.<\/p>\n<p>Como un estado supuestamente secular, Francia no quiere reconocer el Islam como una religi\u00f3n, incluso separ\u00e1ndolo del estado, como lo hizo con el Cristianismo en 1905. Los franceses consideran a sus conciudadanos musulmanes como un problema; son intrusos que no pueden ni deben ser integrados en la sociedad francesa o su cultura. El Estado proh\u00edbe el nombramiento de musulmanes en las diferentes instituciones del Estado, independientemente de sus calificaciones y competencias, y a pesar de que hay m\u00e1s de seis millones de ciudadanos franceses de origen musulm\u00e1n.<\/p>\n<p>Muchos musulmanes franceses nacieron y se criaron en el pa\u00eds, hijos y nietos de aquellos a quienes Francia utiliz\u00f3 en sus conquistas de los pa\u00edses que coloniz\u00f3, y que la defendieron durante dos guerras mundiales. Fueron alojados en guetos aislados y empobrecidos en las afueras de las principales ciudades francesas, para ser tratados con un racismo odioso en lo que respecta al empleo, la atenci\u00f3n sanitaria y la educaci\u00f3n.<\/p>\n<p>El racismo franc\u00e9s y la supremac\u00eda blanca prevalecen en la sociedad y se manifiesta en todo el espectro pol\u00edtico, desde la extrema derecha hasta la izquierda progresista. Apenas hay diferencias entre ellos. Recuerden, por ejemplo, a Jacques Chirac, el ex presidente socialista de Francia. En 1991, consol\u00f3 a los trabajadores blancos que viv\u00edan entre los inmigrantes \u00e1rabes y africanos, y se pregunt\u00f3 c\u00f3mo pod\u00edan soportar sus olores desagradables y sus ruidos molestos. Estas palabras racistas y ofensivas fueron recibidas con gran apoyo popular; el primero en aplaudir las palabras de Chirac fue el l\u00edder del Frente Nacional de derecha racista de la \u00e9poca, Jean-Marie Le Pen.<\/p>\n<p>De hecho, las palabras del presidente no fueron muy diferentes de lo que dijo el ministro del Interior de extrema derecha, Gerald Moussa Darmanin, cuando recientemente expres\u00f3 su molestia y asombro por la presencia de secciones especiales para productos alimenticios halal en las tiendas de toda Francia, pero no le molestan las secciones especiales para alimentos kosher. Se\u00f1al\u00f3 que, en los \u00faltimos a\u00f1os, el gobierno de Macron ha cerrado 358 instituciones musulmanas, incluidas mezquitas, y ha deportado a 480 extranjeros. Su abuelo era argelino, por cierto, de ah\u00ed su segundo nombre. El ministro ha sido claramente asimilado con tanto \u00e9xito que sus propios ancestros no significan nada para \u00e9l.<\/p>\n<p>El problema de Francia con el Islam, por lo tanto, no es nuevo, y no acaba de aparecer con el asesinato de un maestro de escuela que se burl\u00f3 del Profeta Mahoma, la paz sea con \u00e9l. Como educador, se esperaba razonablemente que considerara las creencias de sus alumnos adolescentes al planear sus lecciones, pero aparentemente decidi\u00f3 hablar y mostrar las ofensivas caricaturas de Charlie Hebdo una vez m\u00e1s. Se inform\u00f3 que les dijo a sus estudiantes musulmanes que abandonaran el aula si se iban a ofender. \u00bfD\u00f3nde estaba la igualdad y el acceso igualitario a la educaci\u00f3n al hacer eso?<\/p>\n<p>Este es un problema profundamente arraigado en la sociedad francesa y el joven y rid\u00edculo colonizador Macron lo expres\u00f3 cuando desafi\u00f3 a los musulmanes de todo el mundo y reiter\u00f3 que volver\u00eda a publicar las caricaturas y que no las dejar\u00eda ir. Est\u00e1 decidido a humillar a los musulmanes e incitar a la gente contra ellos en Francia, y posiblemente en otros lugares, creando un ambiente hostil. El apu\u00f1alamiento, del que se tiene poco conocimiento, de dos mujeres que llevaban el hiyab cerca de la Torre Eiffel y el llamamiento a quemar mezquitas son s\u00f3lo dos manifestaciones del odioso racismo del presidente franc\u00e9s.<\/p>\n<p>Las autoridades francesas han aprovechado el incidente en su beneficio, lanzando fren\u00e9ticas campa\u00f1as de seguridad, pol\u00edticas y medi\u00e1ticas contra los musulmanes. Los grupos de la sociedad civil han sido blanco de ataques, incluido el Colectivo contra la Islamofobia en Francia, que vigila los delitos de islamofobia. Tambi\u00e9n proporciona apoyo jur\u00eddico a las v\u00edctimas, lo que significa que los ataques contra la gente com\u00fan pueden continuar m\u00e1s o menos sancionados por el gobierno de Macron y sin que haya nadie que defienda a las v\u00edctimas. Adem\u00e1s de las violaciones de la derecha contra los ciudadanos musulmanes franceses, hemos visto c\u00f3mo se cerraban mezquitas, escuelas y tiendas con el pretexto de combatir el terrorismo \u201cislamista\u201d.<\/p>\n<p>Macron anunci\u00f3 a principios de este mes \u2013 mucho antes del asesinato del profesor \u2013 la promulgaci\u00f3n de una ley para crear un \u201cIslam franc\u00e9s\u201d para luchar contra lo que llam\u00f3 \u201cseparatismo isl\u00e1mico\u201d, imponiendo condiciones a las asociaciones y ciudadanos para asegurar su laicidad. Los te\u00f3ricos de la conspiraci\u00f3n podr\u00edan decir que el asesinato del profesor fue una operaci\u00f3n de falsa bandera planeada a puerta cerrada para \u201cprobar\u201d la tesis de Macron sobre la \u201ccrisis\u201d del Islam. Eso podr\u00eda explicar por qu\u00e9 el joven checheno responsable fue asesinado en lugar de ser capturado y arrestado, y llevado a juicio p\u00fablico, cuando la verdad saldr\u00eda a la luz. Con \u00e9l fuera de juego, no tenemos otra opci\u00f3n que tragarnos la versi\u00f3n de los hechos de los servicios de seguridad.<\/p>\n<p>Monitor De Oriente<br \/>\nPortuguese \/ Spanish \/ English<br \/>\nLa verdadera crisis de Macron tiene m\u00e1s que ver con los valores franceses que con el Islam<br \/>\nOctober 27, 2020 at 11:15 AM | Published in: Art\u00edculos, Art\u00edculos de Opini\u00f3n, Europa y Rusia, Francia, Oriente Medio<\/p>\n<p>La gente protesta contra el presidente franc\u00e9s Emmanuel Macron en la capital de Irak, Bagdad, el 17 de septiembre de 2020 [AHMAD AL-RUBAYE\/AFP\/Getty Images]<br \/>\nDr Amira Abo El-Fetouh<br \/>\nOctober 27, 2020 at 11:15 AM<br \/>\nLa feroz campa\u00f1a de Emmanuel Macron contra el Islam y los musulmanes no ha salido de la nada. Es el producto de un racismo arraigado en lo profundo de la psique francesa. Es una crisis de los valores franceses, no del Islam.<\/p>\n<p>Como un estado supuestamente secular, Francia no quiere reconocer el Islam como una religi\u00f3n, incluso separ\u00e1ndolo del estado, como lo hizo con el Cristianismo en 1905. Los franceses consideran a sus conciudadanos musulmanes como un problema; son intrusos que no pueden ni deben ser integrados en la sociedad francesa o su cultura. El Estado proh\u00edbe el nombramiento de musulmanes en las diferentes instituciones del Estado, independientemente de sus calificaciones y competencias, y a pesar de que hay m\u00e1s de seis millones de ciudadanos franceses de origen musulm\u00e1n.<\/p>\n<p>Muchos musulmanes franceses nacieron y se criaron en el pa\u00eds, hijos y nietos de aquellos a quienes Francia utiliz\u00f3 en sus conquistas de los pa\u00edses que coloniz\u00f3, y que la defendieron durante dos guerras mundiales. Fueron alojados en guetos aislados y empobrecidos en las afueras de las principales ciudades francesas, para ser tratados con un racismo odioso en lo que respecta al empleo, la atenci\u00f3n sanitaria y la educaci\u00f3n.<\/p>\n<p>El racismo franc\u00e9s y la supremac\u00eda blanca prevalecen en la sociedad y se manifiesta en todo el espectro pol\u00edtico, desde la extrema derecha hasta la izquierda progresista. Apenas hay diferencias entre ellos. Recuerden, por ejemplo, a Jacques Chirac, el ex presidente socialista de Francia. En 1991, consol\u00f3 a los trabajadores blancos que viv\u00edan entre los inmigrantes \u00e1rabes y africanos, y se pregunt\u00f3 c\u00f3mo pod\u00edan soportar sus olores desagradables y sus ruidos molestos. Estas palabras racistas y ofensivas fueron recibidas con gran apoyo popular; el primero en aplaudir las palabras de Chirac fue el l\u00edder del Frente Nacional de derecha racista de la \u00e9poca, Jean-Marie Le Pen.<\/p>\n<p>LEER: El presidente franc\u00e9s fomenta la islamofobia seg\u00fan Pakistan<\/p>\n<p>De hecho, las palabras del presidente no fueron muy diferentes de lo que dijo el ministro del Interior de extrema derecha, Gerald Moussa Darmanin, cuando recientemente expres\u00f3 su molestia y asombro por la presencia de secciones especiales para productos alimenticios halal en las tiendas de toda Francia, pero no le molestan las secciones especiales para alimentos kosher. Se\u00f1al\u00f3 que, en los \u00faltimos a\u00f1os, el gobierno de Macron ha cerrado 358 instituciones musulmanas, incluidas mezquitas, y ha deportado a 480 extranjeros. Su abuelo era argelino, por cierto, de ah\u00ed su segundo nombre. El ministro ha sido claramente asimilado con tanto \u00e9xito que sus propios ancestros no significan nada para \u00e9l.<\/p>\n<p>El problema de Francia con el Islam, por lo tanto, no es nuevo, y no acaba de aparecer con el asesinato de un maestro de escuela que se burl\u00f3 del Profeta Mahoma, la paz sea con \u00e9l. Como educador, se esperaba razonablemente que considerara las creencias de sus alumnos adolescentes al planear sus lecciones, pero aparentemente decidi\u00f3 hablar y mostrar las ofensivas caricaturas de Charlie Hebdo una vez m\u00e1s. Se inform\u00f3 que les dijo a sus estudiantes musulmanes que abandonaran el aula si se iban a ofender. \u00bfD\u00f3nde estaba la igualdad y el acceso igualitario a la educaci\u00f3n al hacer eso?<\/p>\n<p>Este es un problema profundamente arraigado en la sociedad francesa y el joven y rid\u00edculo colonizador Macron lo expres\u00f3 cuando desafi\u00f3 a los musulmanes de todo el mundo y reiter\u00f3 que volver\u00eda a publicar las caricaturas y que no las dejar\u00eda ir. Est\u00e1 decidido a humillar a los musulmanes e incitar a la gente contra ellos en Francia, y posiblemente en otros lugares, creando un ambiente hostil. El apu\u00f1alamiento, del que se tiene poco conocimiento, de dos mujeres que llevaban el hiyab cerca de la Torre Eiffel y el llamamiento a quemar mezquitas son s\u00f3lo dos manifestaciones del odioso racismo del presidente franc\u00e9s.<\/p>\n<p>Las autoridades francesas han aprovechado el incidente en su beneficio, lanzando fren\u00e9ticas campa\u00f1as de seguridad, pol\u00edticas y medi\u00e1ticas contra los musulmanes. Los grupos de la sociedad civil han sido blanco de ataques, incluido el Colectivo contra la Islamofobia en Francia, que vigila los delitos de islamofobia. Tambi\u00e9n proporciona apoyo jur\u00eddico a las v\u00edctimas, lo que significa que los ataques contra la gente com\u00fan pueden continuar m\u00e1s o menos sancionados por el gobierno de Macron y sin que haya nadie que defienda a las v\u00edctimas. Adem\u00e1s de las violaciones de la derecha contra los ciudadanos musulmanes franceses, hemos visto c\u00f3mo se cerraban mezquitas, escuelas y tiendas con el pretexto de combatir el terrorismo \u201cislamista\u201d.<\/p>\n<p>Macron anunci\u00f3 a principios de este mes \u2013 mucho antes del asesinato del profesor \u2013 la promulgaci\u00f3n de una ley para crear un \u201cIslam franc\u00e9s\u201d para luchar contra lo que llam\u00f3 \u201cseparatismo isl\u00e1mico\u201d, imponiendo condiciones a las asociaciones y ciudadanos para asegurar su laicidad. Los te\u00f3ricos de la conspiraci\u00f3n podr\u00edan decir que el asesinato del profesor fue una operaci\u00f3n de falsa bandera planeada a puerta cerrada para \u201cprobar\u201d la tesis de Macron sobre la \u201ccrisis\u201d del Islam. Eso podr\u00eda explicar por qu\u00e9 el joven checheno responsable fue asesinado en lugar de ser capturado y arrestado, y llevado a juicio p\u00fablico, cuando la verdad saldr\u00eda a la luz. Con \u00e9l fuera de juego, no tenemos otra opci\u00f3n que tragarnos la versi\u00f3n de los hechos de los servicios de seguridad.<\/p>\n<p>LEER: Las caricaturas francesas son provocativas para el Islam y sus creencias, declar\u00f3 Hamas<\/p>\n<p>Vale la pena comparar el incidente y la respuesta francesa con lo que ocurri\u00f3 en Christchurch (Nueva Zelanda) el a\u00f1o pasado, cuando un joven extremista llamado Brenton Tarrant dispar\u00f3 contra los fieles de la mezquita de Al-Noor y el Centro Isl\u00e1mico de Linwood, matando e hiriendo a m\u00e1s de 100 musulmanes. La polic\u00eda de Nueva Zelandia detuvo y arrest\u00f3 al autor; fue juzgado y ahora est\u00e1 en prisi\u00f3n cumpliendo una sentencia de cadena perpetua. En Francia, el asesino fue eliminado inmediatamente y la verdad muri\u00f3 con \u00e9l, creando la atm\u00f3sfera perfecta para que los pol\u00edticos hicieran declaraciones escandalosamente provocadoras contra un gran segmento de la poblaci\u00f3n. Macron obviamente sabe que su popularidad est\u00e1 disminuyendo debido a sus fracasos en pol\u00edtica interna y externa, por lo que est\u00e1 apelando a la extrema derecha para que lo apoye en las pr\u00f3ximas elecciones.<\/p>\n<p>Comparemos tambi\u00e9n la insensatez de Macron al alimentar el odio y la intolerancia en la sociedad, con la forma en que la Primera Ministra de Nueva Zelanda, Jacinda Ardern, contuvo la crisis de su pa\u00eds de manera sabia y racional. Se gan\u00f3 el respeto de la gente de todo el mundo, musulmanes y no musulmanes por igual, por su humanidad en la forma en que se preocupaba por sus ciudadanos y respetaba su fe.<\/p>\n<p>La islamofobia est\u00e1 profundamente arraigada en la sociedad francesa y los pol\u00edticos la alimentan bajo falsos lemas como el liberalismo, la libertad de expresi\u00f3n, los derechos humanos, la afirmaci\u00f3n de \u201clos valores de la rep\u00fablica\u201d y la aplicaci\u00f3n del laicismo, as\u00ed como el mayor mito de todos: \u201cLibert\u00e9, \u00e9galit\u00e9, fraternit\u00e9\u201d. La esencia de esto ignora e incluso fomenta la discriminaci\u00f3n y el racismo contra los musulmanes y otras minor\u00edas marginadas. Macron puede predicar sobre la libertad de expresi\u00f3n, los derechos humanos y los valores de la rep\u00fablica y, sin embargo, rechaza cualquier expresi\u00f3n de identidad isl\u00e1mica por parte de los ciudadanos musulmanes franceses.<br \/>\nFrancia tiene una historia de violencia verdaderamente terrible en los pa\u00edses \u00e1rabes y africanos que coloniz\u00f3. Los detalles no necesitan ser relatados aqu\u00ed; los franceses pueden negarlo y tratar de blanquear su historia, pero muchos siguen vivos y fueron testigos del terrorismo de Francia de primera mano. La realidad detr\u00e1s de la fachada brillante y el razonamiento elocuentemente enga\u00f1oso es que Francia nunca ha sido un pa\u00eds civilizado, sino un lugar de intolerancia, injusticia y oscuridad. Su Museo de la Humanidad, adornado con los cr\u00e1neos de argelinos y otros ejecutados por Francia, es testimonio de la magnitud de su brutalidad y criminalidad. Si Francia llora hoy por el terrorismo, es porque, como el difunto Malcolm X dijo una vez sobre Am\u00e9rica, los pollos vuelven a casa para descansar.<\/p>\n<p>Correspondi\u00f3 al presidente turco Recep Tayyip Erdogan recordar a Francia su vergonzoso pasado. Es el \u00fanico presidente en el mundo musulm\u00e1n que defendi\u00f3 el Islam y los musulmanes, y advirti\u00f3 a Macron sobre el insulto a la fe de m\u00e1s de mil millones de personas. Erdogan tambi\u00e9n dijo que la charla de Macron sobre la remodelaci\u00f3n del Islam ilustra su falta de conocimiento y su hom\u00f3logo franc\u00e9s deber\u00eda \u201ctener un chequeo mental\u201d.<\/p>\n<p>Las palabras del turco Erdogan parecen haber calmado los corazones de millones de musulmanes en un momento en que sus propios gobernantes les han defraudado al no defender el Islam y el Profeta, la paz sea con \u00e9l. Sus l\u00edderes no pronunciaron una palabra en respuesta a las declaraciones de este necio vengativo que parece desear una guerra religiosa. Deber\u00eda tener cuidado con lo que desea.<\/p>\n<p>El pensador franc\u00e9s Michel Onfray dice que vivimos en una \u00e9poca de civilizaci\u00f3n post-cristiana. Por lo tanto, la crisis de Francia, y la verdadera crisis de Macron, es que quiere resucitar la herencia cristiana de su rep\u00fablica secular para enfrentarse al Islam. La iron\u00eda se perder\u00e1 con \u00e9l, pero debe saber que el Islam vencer\u00e1, y no ser\u00e1 vencido, por la voluntad de Dios. Y que cada vez que las fuerzas en su contra se hacen m\u00e1s fuertes, se expande y se extiende. El bobo Emmanuel Macron descubrir\u00e1 que est\u00e1 inclinando su lanza hacia los molinos de viento.&nbsp;<\/p>\n<\/div>\n<\/div>\n<\/div>\n<\/div>\n","protected":false},"excerpt":{"rendered":"<p>La verdadera crisis de Macron tiene m\u00e1s que ver con los valores franceses que con el Islam La feroz campa\u00f1a de Emmanuel Macron contra el Islam y los musulmanes no ha salido de la nada. Es el producto de un racismo arraigado en lo profundo de la psique francesa. Es una crisis de los valores [&hellip;]<\/p>\n","protected":false},"author":1,"featured_media":327,"comment_status":"closed","ping_status":"closed","sticky":false,"template":"","format":"standard","meta":{"footnotes":""},"categories":[11],"tags":[],"class_list":["post-326","post","type-post","status-publish","format-standard","has-post-thumbnail","hentry","category-articulos"],"blocksy_meta":[],"_links":{"self":[{"href":"https:\/\/www.fundacionislamica.org\/index.php?rest_route=\/wp\/v2\/posts\/326","targetHints":{"allow":["GET"]}}],"collection":[{"href":"https:\/\/www.fundacionislamica.org\/index.php?rest_route=\/wp\/v2\/posts"}],"about":[{"href":"https:\/\/www.fundacionislamica.org\/index.php?rest_route=\/wp\/v2\/types\/post"}],"author":[{"embeddable":true,"href":"https:\/\/www.fundacionislamica.org\/index.php?rest_route=\/wp\/v2\/users\/1"}],"replies":[{"embeddable":true,"href":"https:\/\/www.fundacionislamica.org\/index.php?rest_route=%2Fwp%2Fv2%2Fcomments&post=326"}],"version-history":[{"count":1,"href":"https:\/\/www.fundacionislamica.org\/index.php?rest_route=\/wp\/v2\/posts\/326\/revisions"}],"predecessor-version":[{"id":328,"href":"https:\/\/www.fundacionislamica.org\/index.php?rest_route=\/wp\/v2\/posts\/326\/revisions\/328"}],"wp:featuredmedia":[{"embeddable":true,"href":"https:\/\/www.fundacionislamica.org\/index.php?rest_route=\/wp\/v2\/media\/327"}],"wp:attachment":[{"href":"https:\/\/www.fundacionislamica.org\/index.php?rest_route=%2Fwp%2Fv2%2Fmedia&parent=326"}],"wp:term":[{"taxonomy":"category","embeddable":true,"href":"https:\/\/www.fundacionislamica.org\/index.php?rest_route=%2Fwp%2Fv2%2Fcategories&post=326"},{"taxonomy":"post_tag","embeddable":true,"href":"https:\/\/www.fundacionislamica.org\/index.php?rest_route=%2Fwp%2Fv2%2Ftags&post=326"}],"curies":[{"name":"wp","href":"https:\/\/api.w.org\/{rel}","templated":true}]}}