{"id":320,"date":"2020-10-05T09:38:12","date_gmt":"2020-10-05T12:38:12","guid":{"rendered":"https:\/\/www.fundacionislamica.org\/?p=320"},"modified":"2020-10-05T09:38:12","modified_gmt":"2020-10-05T12:38:12","slug":"nadie-tiene-derecho-tratar-el-islam-con-enfoques-erroneos-y-distorsionados","status":"publish","type":"post","link":"https:\/\/www.fundacionislamica.org\/?p=320","title":{"rendered":"Nadie tiene derecho tratar el Islam con enfoques err\u00f3neos y distorsionados"},"content":{"rendered":"<div class=\"boldgrid-section\">\n<div class=\"container\">\n<div class=\"row\">\n<div class=\"col-md-12 col-xs-12 col-sm-12\">\n<p>El Gobierno turco, al criticar un proyecto de ley elaborado por Francia, declar\u00f3 que nadie tiene derecho a tratar el Islam con enfoques err\u00f3neos y distorsionados.<\/p>\n<p>En un comunicado, el Ministerio de Exteriores, record\u00f3 que el presidente de Francia, <strong>Emmanuel Macron<\/strong>, con el proyecto de ley para \u00abluchar contra el separatismo\u00bb, que ser\u00e1 presentado al Consejo de Ministros el 9 de diciembre, declar\u00f3 que \u00abcrear\u00e1 un Islam ilustrado\u00bb en Francia.<\/p>\n<p>\u00abNadie tiene derecho a tratar nuestra sublime religi\u00f3n, que significa &#8216;paz&#8217;, con enfoques err\u00f3neos y distorsionados con el pretexto de &#8216;iluminaci\u00f3n&#8217;. Se contempla que la mentalidad que forma la base de este proyecto de ley tendr\u00e1 consecuencias nefastas en lugar de aportar soluciones a los problemas de Francia\u00bb.<\/p>\n<p class=\"\">\u00abSuponer disciplinar a las sociedades de inmigrantes introduciendo conceptos como &#8216;Islam europeo&#8217; e &#8216;Islam de Francia&#8217; con el pretexto de &#8216;iluminar&#8217; la religi\u00f3n del Islam significa actuar en contra de las ideas humanas y legales\u00bb.<\/p>\n<p>La Cartera de Exteriores se\u00f1al\u00f3 que los estados no tienen derecho a determinar con leyes el servicio religioso que todos recibir\u00e1n mientras vivan sus creencias y su comprensi\u00f3n religiosa. \u00abLos intentos de esta mentalidad derivada de la mala interpretaci\u00f3n de hechos sociol\u00f3gicos e hist\u00f3ricos, de escalar la xenofobia, el racismo, la discriminaci\u00f3n y el anti-islamismo, que son problemas importantes de Europa y Francia, preocupan no solo su propia sociedad sino tambi\u00e9n toda la humanidad\u00bb.<\/p>\n<p class=\"\">\u00abCreemos que ser\u00eda m\u00e1s correcto y beneficioso adoptar discursos constructivos que fomenten la satisfacci\u00f3n de las necesidades sociales en relaci\u00f3n con los valores religiosos y morales en lugar de mirar a las personas y las cuestiones religiosas \u00fanicamente desde una perspectiva de seguridad. Continuaremos llevando los inconvenientes de este proyecto de ley a la agenda en plataformas bilaterales y multilaterales con Francia siguiendo de cerca el proceso\u00bb.<\/p>\n<p>Macron dijo la semana pasada que \u00abEn Francia, el Islam debe estructurarse para que sea socio de la Rep\u00fablica \u00ab.<\/p>\n<p class=\"\">Al defender que una ideolog\u00eda que defiende las \u00abideas separatistas\u00bb es problem\u00e1tica y que estas personas consideran que sus propias leyes son superiores a las de Francia, Macron dijo que \u00abel Islam es una religi\u00f3n que atraviesa hoy una crisis en todo el mundo\u00bb.<\/p>\n<p class=\"\">Fuente: TRT&nbsp;<\/p>\n<\/div>\n<\/div>\n<\/div>\n<\/div>\n","protected":false},"excerpt":{"rendered":"<p>El Gobierno turco, al criticar un proyecto de ley elaborado por Francia, declar\u00f3 que nadie tiene derecho a tratar el Islam con enfoques err\u00f3neos y distorsionados. En un comunicado, el Ministerio de Exteriores, record\u00f3 que el presidente de Francia, Emmanuel Macron, con el proyecto de ley para \u00abluchar contra el separatismo\u00bb, que ser\u00e1 presentado al [&hellip;]<\/p>\n","protected":false},"author":1,"featured_media":321,"comment_status":"closed","ping_status":"closed","sticky":false,"template":"","format":"standard","meta":{"footnotes":""},"categories":[11],"tags":[],"class_list":["post-320","post","type-post","status-publish","format-standard","has-post-thumbnail","hentry","category-articulos"],"blocksy_meta":[],"_links":{"self":[{"href":"https:\/\/www.fundacionislamica.org\/index.php?rest_route=\/wp\/v2\/posts\/320","targetHints":{"allow":["GET"]}}],"collection":[{"href":"https:\/\/www.fundacionislamica.org\/index.php?rest_route=\/wp\/v2\/posts"}],"about":[{"href":"https:\/\/www.fundacionislamica.org\/index.php?rest_route=\/wp\/v2\/types\/post"}],"author":[{"embeddable":true,"href":"https:\/\/www.fundacionislamica.org\/index.php?rest_route=\/wp\/v2\/users\/1"}],"replies":[{"embeddable":true,"href":"https:\/\/www.fundacionislamica.org\/index.php?rest_route=%2Fwp%2Fv2%2Fcomments&post=320"}],"version-history":[{"count":1,"href":"https:\/\/www.fundacionislamica.org\/index.php?rest_route=\/wp\/v2\/posts\/320\/revisions"}],"predecessor-version":[{"id":322,"href":"https:\/\/www.fundacionislamica.org\/index.php?rest_route=\/wp\/v2\/posts\/320\/revisions\/322"}],"wp:featuredmedia":[{"embeddable":true,"href":"https:\/\/www.fundacionislamica.org\/index.php?rest_route=\/wp\/v2\/media\/321"}],"wp:attachment":[{"href":"https:\/\/www.fundacionislamica.org\/index.php?rest_route=%2Fwp%2Fv2%2Fmedia&parent=320"}],"wp:term":[{"taxonomy":"category","embeddable":true,"href":"https:\/\/www.fundacionislamica.org\/index.php?rest_route=%2Fwp%2Fv2%2Fcategories&post=320"},{"taxonomy":"post_tag","embeddable":true,"href":"https:\/\/www.fundacionislamica.org\/index.php?rest_route=%2Fwp%2Fv2%2Ftags&post=320"}],"curies":[{"name":"wp","href":"https:\/\/api.w.org\/{rel}","templated":true}]}}