{"id":296,"date":"2020-07-11T10:25:10","date_gmt":"2020-07-11T14:25:10","guid":{"rendered":"https:\/\/www.fundacionislamica.org\/?p=296"},"modified":"2020-07-11T10:25:10","modified_gmt":"2020-07-11T14:25:10","slug":"srebrenica-25-anos-del-genocidio","status":"publish","type":"post","link":"https:\/\/www.fundacionislamica.org\/?p=296","title":{"rendered":"Srebrenica: 25 a\u00f1os del genocidio"},"content":{"rendered":"<div class=\"boldgrid-section\">\n<div class=\"container\">\n<div class=\"row\">\n<div class=\"col-md-12 col-xs-12 col-sm-12\">\n<p class=\"\">Han pasado 25 a\u00f1os desde el genocidio de Srebrenica en el que las fuerzas serbobosnias asesinaron sistem\u00e1ticamente a m\u00e1s de ocho mil hombres musulmanes j\u00f3venes y adultos por su creencia en el Islam. Los cr\u00edmenes del genocidio, que tuvo lugar el 11 de julio de 1995, constituye una de las p\u00e1ginas m\u00e1s oscuras de la historia de la humanidad. Dos tribunales internacionales procesaron los delitos. Es descrito como el incidente m\u00e1s grave de la historia europea desde la Segunda Guerra Mundial.<\/p>\n<p>En los a\u00f1os previos a la desintegraci\u00f3n de Yugoslavia, la ret\u00f3rica ultranacionalista se extendi\u00f3, principalmente entre los serbios de Bosnia. Cuando estall\u00f3 el conflicto a principios de los a\u00f1os noventa, la poblaci\u00f3n de Bosnia y Herzegovina ya estaba expuesta a la intolerancia y el odio.<\/p>\n<p>En 1995, las tropas serbobosnias estaban bajo el mando del general Ratko Mladic, quien apoyado por unidades paramilitares de la vecina Serbia, atac\u00f3 la poblaci\u00f3n de Srebrenica. En la ciudad viv\u00edan alrededor de 24 mil personas antes de la guerra, y en ese momento albergaba a unos 60 mil despu\u00e9s de que otros refugiados llegaran tras el estallido de la Guerra de los Balcanes.<\/p>\n<p>Srebrenica se hab\u00eda convertido en un campo de concentraci\u00f3n abierto que se enfrentaba al miedo, al hambre y a enfermedades interminables.<\/p>\n<p>A pesar de las atrocidades y masacres que se produjeron en toda Bosnia, el Consejo de Seguridad de la ONU, que s\u00f3lo pudo prohibir la venta de armas en 1991, no pudo desempe\u00f1ar un papel eficaz en este per\u00edodo. Por otro lado, los Estados Unidos, Reino Unido y Francia permanecieron indiferentes ante la situaci\u00f3n. Mientras tanto, Alemania apoy\u00f3 activamente a Croacia y Eslovenia, ignorando los acontecimientos en Bosnia y Herzegovina, cosa que alent\u00f3 a\u00fan m\u00e1s al Ej\u00e9rcito serbio.<\/p>\n<p>En consecuencia, cuando los serbios bajo el mando de Ratko Mladic intensificaron sus ataques contra Srebrenica, el embargo de armas s\u00f3lo sirvi\u00f3 para impedir que los musulmanes bosnios se armaran. Adem\u00e1s, el armamento ligero en manos de los musulmanes de Srebrenica fue recogido por las fuerzas de paz de la ONU. Los llamados hechos por los musulmanes para reclamar sus armas recolectadas para defenderse fueron rechazados por el comandante holand\u00e9s nombrado por la ONU, Thom Karremans.<\/p>\n<p>El 11 de julio de 1995, Karremans entreg\u00f3 Srebrenica a los serbios de Bosnia, dejando desprotegida a toda la poblaci\u00f3n civil que se hab\u00eda acumulado en un \u00abrefugio seguro\u00bb designado por la ONU para enfrentar su destino. Posteriormente, las fuerzas serbobosnias capturaron 10.000 personas y comenzaron a matar a los prisioneros por orden de Mladic. Un total de 8.372 ni\u00f1os y hombres fueron asesinados en la masacre que dur\u00f3 cinco d\u00edas.<\/p>\n<p>Ratko Mladic, quien dirigi\u00f3 la masacre, declar\u00f3 en la v\u00edspera de una fiesta serbia que regal\u00f3 esta ciudad a la naci\u00f3n serbia. Y agreg\u00f3 \u00abFinalmente, es hora de vengarse de los turcos en estas tierras\u00bb, refiri\u00e9ndose a los musulmanes bosnios como \u00abturcos\u00bb y como una estratagema ret\u00f3rica para marginarlos y &#8216;demonizarlos&#8217;.<\/p>\n<p>Como los bosnios son tambi\u00e9n un pueblo eslavo, los planificadores del genocidio de los serbiosbosnios no pudieron usar la carta \u00e9tnica. Sin embargo, desde que los bosnios eligieron el Islam como su religi\u00f3n en el siglo XV, los fan\u00e1ticos ultranacionalistas, como el General Mladic y Slobodan Milosevic, los etiquetaron como \u00abturcos\u00bb.<\/p>\n<p>A sus ojos, los musulmanes bosnios hab\u00edan traicionado a sus compatriotas al convertirse al Islam. El adjetivo \u00abturco\u00bb significaba metaf\u00f3ricamente musulm\u00e1n en los Balcanes, debido al largo dominio otomano en la regi\u00f3n en el pasado. Por lo tanto, el odio religioso incentiv\u00f3 el conflicto en Bosnia y Herzegovina. Cuando las milicias serbobosnias comenzaron a masacrar a los bosnios, lo hicieron con la convicci\u00f3n de que se estaban vengando de los \u00abturcos\u00bb.<\/p>\n<p>Desgraciadamente Bosnia fue solo un microcosmos de la situaci\u00f3n de los musulmanes en Europa, que parece no haber aprendido nada de esta desgarradora experiencia. Hoy en d\u00eda, los musulmanes se enfrentan a todo tipo de odio y discriminaci\u00f3n religiosa en varias partes de Europa.<\/p>\n<p>El creciente fanatismo antimusulm\u00e1n hacia la poblaci\u00f3n de esa religi\u00f3n en Europa es alarmante. Incidentes como los ataques f\u00edsicos a mujeres musulmanas que usan el velo, cr\u00edmenes de odio y actos de vandalismo contra mezquitas est\u00e1n en aumento. El a\u00f1o pasado, un total de 871 ataques dirigidos a los musulmanes o sus instituciones tuvieron lugar en Alemania.<\/p>\n<p>Los extremistas de derecha y los ultranacionalistas en Europa se\u00f1alan a los musulmanes como el \u00abnuevo enemigo\u00bb. Por muy diferente que sea la situaci\u00f3n en cada uno de los pa\u00edses europeos, hay un n\u00facleo que conecta a todos los populistas de derecha: el odio antimusulm\u00e1n. Estos puntos de vista radicales se han extendido de manera aterradora en toda la sociedad europea. Los ataques terroristas de extrema derecha han aumentado en un 320% en los \u00faltimos cinco a\u00f1os en toda Europa.<\/p>\n<p>Al igual que en Srebrenica, la mayor\u00eda de los pa\u00edses europeos se hacen los de la vista gorda ante estos actos de prejuicio antimusulm\u00e1n, como lo hicieron hace 25 a\u00f1os cuando se produjo un genocidio en el coraz\u00f3n de Europa. Es m\u00e1s, los partidos de extrema derecha construidos en torno a la islamofobia han sido incorporados, y sus pol\u00edticas de odio han alimentado la ret\u00f3rica y las pol\u00edticas de los partidos de centro en toda Europa.<\/p>\n<p>El genocidio de Srebrenica deber\u00eda ser una lecci\u00f3n antes de que sea demasiado tarde<br \/>\nEuropa conmemora cada 11 de julio como el D\u00eda del Recuerdo de las v\u00edctimas del genocidio de Srebrenica. Sin embargo, el genocidio de Srebrenica merece algo m\u00e1s que una peque\u00f1a conmemoraci\u00f3n ceremonial que se celebra una vez al a\u00f1o. Europa debe asegurarse de que se convierta en una lecci\u00f3n duradera y en un recordatorio de los peligros del extremismo y la intolerancia ultranacionalista.<\/p>\n<p>No cabe duda de que las matanzas en toda Bosnia y Herzegovina, as\u00ed como el genocidio de Srebrenica, podr\u00edan haberse evitado si los pa\u00edses europeos hubieran actuado con rapidez y decisi\u00f3n para ejercer su influencia a fin de frenar el odio religioso y el ultranacionalismo en los Balcanes.<\/p>\n<p class=\"\">Si la Uni\u00f3n Europea quiere asegurarse de que nunca m\u00e1s vuelvan a ocurrir cr\u00edmenes tan horrendos en Europa, debe hacer frente a todas las formas de xenofobia, incluido el odio antimusulm\u00e1n. Todav\u00eda hay una oportunidad de actuar antes de que sea demasiado tarde.<\/p>\n<p class=\"\"><strong>Enez Guzel*.<\/strong><\/p>\n<p>*El escritor es investigador adjunto del Centro de Investigaci\u00f3n Mundial de la TRT. Actualmente es estudiante de doctorado en la Universidad de Estambul en ciencias pol\u00edticas y relaciones internacionales. Su principal \u00e1rea de investigaci\u00f3n es la pol\u00edtica europea y del Reino Unido.<\/p>\n<p>Agencia Anadolu 2020<\/p>\n<\/div>\n<\/div>\n<\/div>\n<\/div>\n","protected":false},"excerpt":{"rendered":"<p>Han pasado 25 a\u00f1os desde el genocidio de Srebrenica en el que las fuerzas serbobosnias asesinaron sistem\u00e1ticamente a m\u00e1s de ocho mil hombres musulmanes j\u00f3venes y adultos por su creencia en el Islam. Los cr\u00edmenes del genocidio, que tuvo lugar el 11 de julio de 1995, constituye una de las p\u00e1ginas m\u00e1s oscuras de la [&hellip;]<\/p>\n","protected":false},"author":1,"featured_media":297,"comment_status":"closed","ping_status":"closed","sticky":false,"template":"","format":"standard","meta":{"footnotes":""},"categories":[11],"tags":[],"class_list":["post-296","post","type-post","status-publish","format-standard","has-post-thumbnail","hentry","category-articulos"],"blocksy_meta":[],"_links":{"self":[{"href":"https:\/\/www.fundacionislamica.org\/index.php?rest_route=\/wp\/v2\/posts\/296","targetHints":{"allow":["GET"]}}],"collection":[{"href":"https:\/\/www.fundacionislamica.org\/index.php?rest_route=\/wp\/v2\/posts"}],"about":[{"href":"https:\/\/www.fundacionislamica.org\/index.php?rest_route=\/wp\/v2\/types\/post"}],"author":[{"embeddable":true,"href":"https:\/\/www.fundacionislamica.org\/index.php?rest_route=\/wp\/v2\/users\/1"}],"replies":[{"embeddable":true,"href":"https:\/\/www.fundacionislamica.org\/index.php?rest_route=%2Fwp%2Fv2%2Fcomments&post=296"}],"version-history":[{"count":1,"href":"https:\/\/www.fundacionislamica.org\/index.php?rest_route=\/wp\/v2\/posts\/296\/revisions"}],"predecessor-version":[{"id":298,"href":"https:\/\/www.fundacionislamica.org\/index.php?rest_route=\/wp\/v2\/posts\/296\/revisions\/298"}],"wp:featuredmedia":[{"embeddable":true,"href":"https:\/\/www.fundacionislamica.org\/index.php?rest_route=\/wp\/v2\/media\/297"}],"wp:attachment":[{"href":"https:\/\/www.fundacionislamica.org\/index.php?rest_route=%2Fwp%2Fv2%2Fmedia&parent=296"}],"wp:term":[{"taxonomy":"category","embeddable":true,"href":"https:\/\/www.fundacionislamica.org\/index.php?rest_route=%2Fwp%2Fv2%2Fcategories&post=296"},{"taxonomy":"post_tag","embeddable":true,"href":"https:\/\/www.fundacionislamica.org\/index.php?rest_route=%2Fwp%2Fv2%2Ftags&post=296"}],"curies":[{"name":"wp","href":"https:\/\/api.w.org\/{rel}","templated":true}]}}